{"id":11132,"date":"2023-07-13T13:05:16","date_gmt":"2023-07-13T11:05:16","guid":{"rendered":"https:\/\/www.sigmund-freud-institut.de\/?p=11132"},"modified":"2024-02-23T07:35:15","modified_gmt":"2024-02-23T06:35:15","slug":"vortrag-von-dr-susanne-benzel-und-dr-gesche-janzarik-am-12-oktober-2023-um-1700-im-sigmund-freud-institut","status":"publish","type":"post","link":"https:\/\/sigmund-freud-institut.de\/index.php\/2023\/07\/13\/vortrag-von-dr-susanne-benzel-und-dr-gesche-janzarik-am-12-oktober-2023-um-1700-im-sigmund-freud-institut\/","title":{"rendered":"Vortrag von Dr. Susanne Benzel und Dr. Gesche Janzarik am 12. Oktober 2023 um 17:00 Uhr im Sigmund-Freud-Institut"},"content":{"rendered":"\n<p><strong>\u201eIch liebe meinen Algorithmus\u201c \u2212<\/strong><br><strong>Psychodynamische Bedeutungen Sozialer Medien bei Borderline-Pers\u00f6nlichkeitsorganisation<\/strong><\/p>\n\n\n\n<p><strong>Befunde einer Studie von Susanne Benzel, Gesche Janzarik, Vera King und Heinz Wei\u00df<\/strong><\/p>\n\n\n\n<p>Moderation: Prof. Dr. Heinz Wei\u00df<br>Einleitung: Angelika Wilcke, Vorsitzende der F\u00f6rdergesellschaft<br>Veranstalter: F\u00f6rdergesellschaft des Sigmund-Freud-Instituts<\/p>\n\n\n\n<p>Bitte melden Sie sich bis zum 10. Oktober unter <a href=\"mailto:Foege@sfi.eu\">Foege@sfi.eu<\/a> an. Die Teilnahme ist nur mit einer Anmeldebest\u00e4tigung m\u00f6glich.<\/p>\n\n\n\n<p>Hier finden Sie den Flyer zur Veranstaltung.<\/p>\n","protected":false},"excerpt":{"rendered":"<p>\u201eIch liebe meinen Algorithmus\u201c \u2212Psychodynamische Bedeutungen Sozialer Medien bei Borderline-Pers\u00f6nlichkeitsorganisation Befunde einer Studie von Susanne Benzel, Gesche Janzarik, Vera King und Heinz Wei\u00df Moderation: Prof. Dr. Heinz Wei\u00dfEinleitung: Angelika Wilcke, Vorsitzende der F\u00f6rdergesellschaftVeranstalter: F\u00f6rdergesellschaft des Sigmund-Freud-Instituts Bitte melden Sie sich bis zum 10. Oktober unter Foege@sfi.eu an. Die Teilnahme ist nur mit einer Anmeldebest\u00e4tigung m\u00f6glich. &hellip; <\/p>\n<p class=\"link-more\"><a href=\"https:\/\/sigmund-freud-institut.de\/index.php\/2023\/07\/13\/vortrag-von-dr-susanne-benzel-und-dr-gesche-janzarik-am-12-oktober-2023-um-1700-im-sigmund-freud-institut\/\" class=\"more-link\"><span class=\"screen-reader-text\">\u201eVortrag von Dr. Susanne Benzel und Dr. Gesche Janzarik am 12. Oktober 2023 um 17:00 Uhr im Sigmund-Freud-Institut\u201c<\/span> weiterlesen<\/a><\/p>\n","protected":false},"author":2,"featured_media":0,"comment_status":"closed","ping_status":"closed","sticky":false,"template":"","format":"standard","meta":{"footnotes":"","_wpscppro_dont_share_socialmedia":false,"_wpscppro_custom_social_share_image":0,"_facebook_share_type":"","_twitter_share_type":"","_linkedin_share_type":"","_pinterest_share_type":"","_linkedin_share_type_page":"","_instagram_share_type":"","_medium_share_type":"","_threads_share_type":"","_google_business_share_type":"","_selected_social_profile":[],"_wpsp_enable_custom_social_template":false,"_wpsp_social_scheduling":{"enabled":false,"datetime":null,"platforms":[],"status":"template_only","dateOption":"today","timeOption":"now","customDays":"","customHours":"","customDate":"","customTime":"","schedulingType":"absolute"},"_wpsp_active_default_template":true},"categories":[1],"tags":[],"class_list":["post-11132","post","type-post","status-publish","format-standard","hentry","category-uncategorized"],"_links":{"self":[{"href":"https:\/\/sigmund-freud-institut.de\/index.php\/wp-json\/wp\/v2\/posts\/11132","targetHints":{"allow":["GET"]}}],"collection":[{"href":"https:\/\/sigmund-freud-institut.de\/index.php\/wp-json\/wp\/v2\/posts"}],"about":[{"href":"https:\/\/sigmund-freud-institut.de\/index.php\/wp-json\/wp\/v2\/types\/post"}],"author":[{"embeddable":true,"href":"https:\/\/sigmund-freud-institut.de\/index.php\/wp-json\/wp\/v2\/users\/2"}],"replies":[{"embeddable":true,"href":"https:\/\/sigmund-freud-institut.de\/index.php\/wp-json\/wp\/v2\/comments?post=11132"}],"version-history":[{"count":1,"href":"https:\/\/sigmund-freud-institut.de\/index.php\/wp-json\/wp\/v2\/posts\/11132\/revisions"}],"predecessor-version":[{"id":12558,"href":"https:\/\/sigmund-freud-institut.de\/index.php\/wp-json\/wp\/v2\/posts\/11132\/revisions\/12558"}],"wp:attachment":[{"href":"https:\/\/sigmund-freud-institut.de\/index.php\/wp-json\/wp\/v2\/media?parent=11132"}],"wp:term":[{"taxonomy":"category","embeddable":true,"href":"https:\/\/sigmund-freud-institut.de\/index.php\/wp-json\/wp\/v2\/categories?post=11132"},{"taxonomy":"post_tag","embeddable":true,"href":"https:\/\/sigmund-freud-institut.de\/index.php\/wp-json\/wp\/v2\/tags?post=11132"}],"curies":[{"name":"wp","href":"https:\/\/api.w.org\/{rel}","templated":true}]}}