{"id":13424,"date":"2024-07-12T13:24:15","date_gmt":"2024-07-12T11:24:15","guid":{"rendered":"https:\/\/sigmund-freud-institut.de\/?p=13424"},"modified":"2024-09-18T13:03:41","modified_gmt":"2024-09-18T11:03:41","slug":"vortrag-von-dr-julia-schreiber-am-5-september-2024-um-1700-uhr-im-sigmund-freud-institut","status":"publish","type":"post","link":"https:\/\/sigmund-freud-institut.de\/index.php\/2024\/07\/12\/vortrag-von-dr-julia-schreiber-am-5-september-2024-um-1700-uhr-im-sigmund-freud-institut\/","title":{"rendered":"Vortrag von Dr. Julia Schreiber am 5. September 2024 um 17:00 Uhr im Sigmund-Freud-Institut (SFI)"},"content":{"rendered":"\n<p><strong><a href=\"https:\/\/sigmund-freud-institut.de\/wp-content\/uploads\/Plakat-Einladung-Foerdergesellschaft_05.09.24.pdf\" target=\"_blank\" rel=\"noreferrer noopener\">Der K\u00f6rper als Projekt. Psychische Bedeutungen und Auswirkungen von K\u00f6rperotimierung<\/a><\/strong><\/p>\n\n\n\n<p>Moderation: Prof. Dr. Vera King<br>Einleitung: Angelika Wilcke, Vorsitzende der F\u00f6rdergesellschaft<br>Veranstalter: F\u00f6rdergesellschaft des Sigmund-Freud-Instituts<\/p>\n\n\n\n<p>Bitte melden Sie sich bis zum 4. September 2024 unter <a href=\"mailto:Foege@sfi.eu\">Foege@sfi.eu<\/a> an. Die Teilnahme ist nur mit einer Anmeldebest\u00e4tigung m\u00f6glich.<\/p>\n","protected":false},"excerpt":{"rendered":"<p>Der K\u00f6rper als Projekt. Psychische Bedeutungen und Auswirkungen von K\u00f6rperotimierung Moderation: Prof. Dr. Vera KingEinleitung: Angelika Wilcke, Vorsitzende der F\u00f6rdergesellschaftVeranstalter: F\u00f6rdergesellschaft des Sigmund-Freud-Instituts Bitte melden Sie sich bis zum 4. September 2024 unter Foege@sfi.eu an. Die Teilnahme ist nur mit einer Anmeldebest\u00e4tigung m\u00f6glich.<\/p>\n","protected":false},"author":2,"featured_media":0,"comment_status":"closed","ping_status":"closed","sticky":false,"template":"","format":"standard","meta":{"footnotes":"","_wpscppro_dont_share_socialmedia":false,"_wpscppro_custom_social_share_image":0,"_facebook_share_type":"default","_twitter_share_type":"default","_linkedin_share_type":"default","_pinterest_share_type":"default","_linkedin_share_type_page":"default","_instagram_share_type":"default","_medium_share_type":"","_threads_share_type":"","_google_business_share_type":"","_selected_social_profile":[],"_wpsp_enable_custom_social_template":false,"_wpsp_social_scheduling":{"enabled":false,"datetime":null,"platforms":[],"status":"template_only","dateOption":"today","timeOption":"now","customDays":"","customHours":"","customDate":"","customTime":"","schedulingType":"absolute"},"_wpsp_active_default_template":true},"categories":[1],"tags":[],"class_list":["post-13424","post","type-post","status-publish","format-standard","hentry","category-uncategorized"],"_links":{"self":[{"href":"https:\/\/sigmund-freud-institut.de\/index.php\/wp-json\/wp\/v2\/posts\/13424","targetHints":{"allow":["GET"]}}],"collection":[{"href":"https:\/\/sigmund-freud-institut.de\/index.php\/wp-json\/wp\/v2\/posts"}],"about":[{"href":"https:\/\/sigmund-freud-institut.de\/index.php\/wp-json\/wp\/v2\/types\/post"}],"author":[{"embeddable":true,"href":"https:\/\/sigmund-freud-institut.de\/index.php\/wp-json\/wp\/v2\/users\/2"}],"replies":[{"embeddable":true,"href":"https:\/\/sigmund-freud-institut.de\/index.php\/wp-json\/wp\/v2\/comments?post=13424"}],"version-history":[{"count":5,"href":"https:\/\/sigmund-freud-institut.de\/index.php\/wp-json\/wp\/v2\/posts\/13424\/revisions"}],"predecessor-version":[{"id":14173,"href":"https:\/\/sigmund-freud-institut.de\/index.php\/wp-json\/wp\/v2\/posts\/13424\/revisions\/14173"}],"wp:attachment":[{"href":"https:\/\/sigmund-freud-institut.de\/index.php\/wp-json\/wp\/v2\/media?parent=13424"}],"wp:term":[{"taxonomy":"category","embeddable":true,"href":"https:\/\/sigmund-freud-institut.de\/index.php\/wp-json\/wp\/v2\/categories?post=13424"},{"taxonomy":"post_tag","embeddable":true,"href":"https:\/\/sigmund-freud-institut.de\/index.php\/wp-json\/wp\/v2\/tags?post=13424"}],"curies":[{"name":"wp","href":"https:\/\/api.w.org\/{rel}","templated":true}]}}