{"id":13959,"date":"2024-10-21T10:45:18","date_gmt":"2024-10-21T08:45:18","guid":{"rendered":"https:\/\/sigmund-freud-institut.de\/?p=13959"},"modified":"2025-02-18T16:08:30","modified_gmt":"2025-02-18T15:08:30","slug":"vortrag-von-m-a-psych-sima-saligheh-und-m-a-soz-raem-abd-al-majeed-am-14-november-2024-um-1800-uhr-im-sigmund-freud-institut-sfi","status":"publish","type":"post","link":"https:\/\/sigmund-freud-institut.de\/index.php\/2024\/10\/21\/vortrag-von-m-a-psych-sima-saligheh-und-m-a-soz-raem-abd-al-majeed-am-14-november-2024-um-1800-uhr-im-sigmund-freud-institut-sfi\/","title":{"rendered":"Vortrag von M.A. Psych. Sima Saligheh und M.A. Soz. Raem Abd-Al-Majeed am 14. November 2024 um 18:00 Uhr im Sigmund-Freud-Institut (SFI)"},"content":{"rendered":"\n<p><strong><a href=\"https:\/\/sigmund-freud-institut.de\/wp-content\/uploads\/Plakat-Einladung-Foerdergesellschaft_14.11.24.pdf\" target=\"_blank\" rel=\"noreferrer noopener\">Psychoanalytisch, preisgekr\u00f6nt, prek\u00e4r. Die psychosoziale Hilfe f\u00fcr Gefl\u00fcchtete des Sigmund-Freud-Instituts<\/a><\/strong><\/p>\n\n\n\n<p>Moderation: Prof. Dr. Patrick Meurs<br>Einleitung: Angelika Wilcke, Vorsitzende der F\u00f6rdergesellschaft<br>Veranstalter: F\u00f6rdergesellschaft des Sigmund-Freud-Instituts<\/p>\n\n\n\n<p>Bitte melden Sie sich bis zum 11. November 2024 unter <a href=\"mailto:Foege@sfi.eu\">Foege@sfi.eu<\/a> an. Die Teilnahme ist nur mit einer Anmeldebest\u00e4tigung m\u00f6glich.<\/p>\n\n\n\n<p>Die Einladung zur Veranstaltung finden Sie <a href=\"https:\/\/sigmund-freud-institut.de\/wp-content\/uploads\/FoeGe-Einladung_Vortrag-PSV-Projekt_14.11.24.pdf\" target=\"_blank\" rel=\"noreferrer noopener\">hier<\/a>.<\/p>\n","protected":false},"excerpt":{"rendered":"<p>Psychoanalytisch, preisgekr\u00f6nt, prek\u00e4r. Die psychosoziale Hilfe f\u00fcr Gefl\u00fcchtete des Sigmund-Freud-Instituts Moderation: Prof. Dr. Patrick MeursEinleitung: Angelika Wilcke, Vorsitzende der F\u00f6rdergesellschaftVeranstalter: F\u00f6rdergesellschaft des Sigmund-Freud-Instituts Bitte melden Sie sich bis zum 11. November 2024 unter Foege@sfi.eu an. Die Teilnahme ist nur mit einer Anmeldebest\u00e4tigung m\u00f6glich. Die Einladung zur Veranstaltung finden Sie hier.<\/p>\n","protected":false},"author":2,"featured_media":0,"comment_status":"closed","ping_status":"closed","sticky":false,"template":"","format":"standard","meta":{"footnotes":"","_wpscppro_dont_share_socialmedia":false,"_wpscppro_custom_social_share_image":0,"_facebook_share_type":"default","_twitter_share_type":"default","_linkedin_share_type":"default","_pinterest_share_type":"default","_linkedin_share_type_page":"default","_instagram_share_type":"default","_medium_share_type":"","_threads_share_type":"","_google_business_share_type":"","_selected_social_profile":[],"_wpsp_enable_custom_social_template":false,"_wpsp_social_scheduling":{"enabled":false,"datetime":null,"platforms":[],"status":"template_only","dateOption":"today","timeOption":"now","customDays":"","customHours":"","customDate":"","customTime":"","schedulingType":"absolute"},"_wpsp_active_default_template":true},"categories":[1],"tags":[],"class_list":["post-13959","post","type-post","status-publish","format-standard","hentry","category-uncategorized"],"_links":{"self":[{"href":"https:\/\/sigmund-freud-institut.de\/index.php\/wp-json\/wp\/v2\/posts\/13959","targetHints":{"allow":["GET"]}}],"collection":[{"href":"https:\/\/sigmund-freud-institut.de\/index.php\/wp-json\/wp\/v2\/posts"}],"about":[{"href":"https:\/\/sigmund-freud-institut.de\/index.php\/wp-json\/wp\/v2\/types\/post"}],"author":[{"embeddable":true,"href":"https:\/\/sigmund-freud-institut.de\/index.php\/wp-json\/wp\/v2\/users\/2"}],"replies":[{"embeddable":true,"href":"https:\/\/sigmund-freud-institut.de\/index.php\/wp-json\/wp\/v2\/comments?post=13959"}],"version-history":[{"count":4,"href":"https:\/\/sigmund-freud-institut.de\/index.php\/wp-json\/wp\/v2\/posts\/13959\/revisions"}],"predecessor-version":[{"id":13995,"href":"https:\/\/sigmund-freud-institut.de\/index.php\/wp-json\/wp\/v2\/posts\/13959\/revisions\/13995"}],"wp:attachment":[{"href":"https:\/\/sigmund-freud-institut.de\/index.php\/wp-json\/wp\/v2\/media?parent=13959"}],"wp:term":[{"taxonomy":"category","embeddable":true,"href":"https:\/\/sigmund-freud-institut.de\/index.php\/wp-json\/wp\/v2\/categories?post=13959"},{"taxonomy":"post_tag","embeddable":true,"href":"https:\/\/sigmund-freud-institut.de\/index.php\/wp-json\/wp\/v2\/tags?post=13959"}],"curies":[{"name":"wp","href":"https:\/\/api.w.org\/{rel}","templated":true}]}}