{"id":14153,"date":"2024-12-12T16:02:34","date_gmt":"2024-12-12T15:02:34","guid":{"rendered":"https:\/\/sigmund-freud-institut.de\/?p=14153"},"modified":"2025-11-25T11:15:17","modified_gmt":"2025-11-25T10:15:17","slug":"interdisziplinaere-tagung-am-22-und-23-mai-2025-im-sigmund-freud-institut","status":"publish","type":"post","link":"https:\/\/sigmund-freud-institut.de\/index.php\/2024\/12\/12\/interdisziplinaere-tagung-am-22-und-23-mai-2025-im-sigmund-freud-institut\/","title":{"rendered":"Interdisziplin\u00e4re Tagung am 22. und 23. Mai 2025 im Sigmund-Freud-Institut (SFI)"},"content":{"rendered":"\n<p><strong><a href=\"https:\/\/sigmund-freud-institut.de\/wp-content\/uploads\/Flyer_IfSSFI_GU_Oper_Tagung_Sintflut_22_23_05_2025-1.pdf\">&#8222;Nach uns die Sintflut&#8220; \u2212 Krisenbew\u00e4ltigung zwischen Externalisierung und Generativit\u00e4t<\/a><\/strong><\/p>\n\n\n\n<p>Veranstaltet vom Institut f\u00fcr Sozialforschung (IfS) und dem Sigmund-Freud-Institut (SFI) in Kooperation mit der Oper Frankfurt sowie der Goethe-Universit\u00e4t Frankfurt<\/p>\n\n\n\n<p>Mit dieser Tagung wollen wir den psychischen und sozialen Mechanismen nachgehen, mit denen die Realit\u00e4t einer klimabedingten Umw\u00e4lzung der Lebensbedingungen noch auf Distanz zu halten versucht wird. Sie fragt zum einen danach, auf welche Weisen solche illusion\u00e4ren Perspektiven und Praktiken fortgeschrieben werden \u2013 zum anderen geht es darum, Perspektiven zu entwickeln, wie Solidarit\u00e4t und Verantwortung f\u00fcr generational, r\u00e4umlich, sozial Andere neu gefasst und verkn\u00fcpft werden k\u00f6nnen.<br>Neben soziologischen, sozialpsychologisch-psychoanalytischen und philosophischen Beitr\u00e4gen wird zudem in Zusammenarbeit mit der Oper Frankfurt ausgelotet, wie Krisen k\u00fcnstlerisch aufgegriffen werden und welche erweiterten Erfahrungsm\u00f6glichkeiten sich dadurch erschlie\u00dfen.<\/p>\n\n\n\n<p>Das Programm und alle weiteren Informationen finden Sie im Veranstaltungsflyer.<\/p>\n\n\n\n<p>Die Teilnahme ist kostenlos. Bitte melden Sie sich unter folgendem Link an: <a href=\"https:\/\/sigmund-freud-institut.de\/index.php\/anmeldeformular\/\">Veranstaltungsanmeldung<\/a><\/p>\n\n\n\n<p>Der vollst\u00e4ndige Besuch der Veranstaltung wird von der Psychotherapeutenkammer Hessen mit 12 Fortbildungseinheiten anerkannt.<\/p>\n\n\n\n<p>Nachfolgend ein Link zur <a href=\"https:\/\/www.puk.uni-frankfurt.de\/169725173\/Nach_uns_die_Sintflut\" target=\"_blank\" rel=\"noreferrer noopener\">Pressemitteilung der Goethe-Universit\u00e4t<\/a><\/p>\n","protected":false},"excerpt":{"rendered":"<p>&#8222;Nach uns die Sintflut&#8220; \u2212 Krisenbew\u00e4ltigung zwischen Externalisierung und Generativit\u00e4t Veranstaltet vom Institut f\u00fcr Sozialforschung (IfS) und dem Sigmund-Freud-Institut (SFI) in Kooperation mit der Oper Frankfurt sowie der Goethe-Universit\u00e4t Frankfurt Mit dieser Tagung wollen wir den psychischen und sozialen Mechanismen nachgehen, mit denen die Realit\u00e4t einer klimabedingten Umw\u00e4lzung der Lebensbedingungen noch auf Distanz zu halten &hellip; <\/p>\n<p class=\"link-more\"><a href=\"https:\/\/sigmund-freud-institut.de\/index.php\/2024\/12\/12\/interdisziplinaere-tagung-am-22-und-23-mai-2025-im-sigmund-freud-institut\/\" class=\"more-link\"><span class=\"screen-reader-text\">\u201eInterdisziplin\u00e4re Tagung am 22. und 23. Mai 2025 im Sigmund-Freud-Institut (SFI)\u201c<\/span> weiterlesen<\/a><\/p>\n","protected":false},"author":4,"featured_media":0,"comment_status":"closed","ping_status":"closed","sticky":false,"template":"","format":"standard","meta":{"footnotes":"","_wpscppro_dont_share_socialmedia":false,"_wpscppro_custom_social_share_image":0,"_facebook_share_type":"default","_twitter_share_type":"default","_linkedin_share_type":"default","_pinterest_share_type":"default","_linkedin_share_type_page":"default","_instagram_share_type":"default","_medium_share_type":"default","_threads_share_type":"default","_google_business_share_type":"default","_selected_social_profile":[],"_wpsp_enable_custom_social_template":false,"_wpsp_social_scheduling":{"enabled":false,"datetime":null,"platforms":[],"status":"template_only","dateOption":"today","timeOption":"now","customDays":"","customHours":"","customDate":"","customTime":"","schedulingType":"absolute"},"_wpsp_active_default_template":true},"categories":[1],"tags":[8,27],"class_list":["post-14153","post","type-post","status-publish","format-standard","hentry","category-uncategorized","tag-king","tag-weiss"],"_links":{"self":[{"href":"https:\/\/sigmund-freud-institut.de\/index.php\/wp-json\/wp\/v2\/posts\/14153","targetHints":{"allow":["GET"]}}],"collection":[{"href":"https:\/\/sigmund-freud-institut.de\/index.php\/wp-json\/wp\/v2\/posts"}],"about":[{"href":"https:\/\/sigmund-freud-institut.de\/index.php\/wp-json\/wp\/v2\/types\/post"}],"author":[{"embeddable":true,"href":"https:\/\/sigmund-freud-institut.de\/index.php\/wp-json\/wp\/v2\/users\/4"}],"replies":[{"embeddable":true,"href":"https:\/\/sigmund-freud-institut.de\/index.php\/wp-json\/wp\/v2\/comments?post=14153"}],"version-history":[{"count":8,"href":"https:\/\/sigmund-freud-institut.de\/index.php\/wp-json\/wp\/v2\/posts\/14153\/revisions"}],"predecessor-version":[{"id":14664,"href":"https:\/\/sigmund-freud-institut.de\/index.php\/wp-json\/wp\/v2\/posts\/14153\/revisions\/14664"}],"wp:attachment":[{"href":"https:\/\/sigmund-freud-institut.de\/index.php\/wp-json\/wp\/v2\/media?parent=14153"}],"wp:term":[{"taxonomy":"category","embeddable":true,"href":"https:\/\/sigmund-freud-institut.de\/index.php\/wp-json\/wp\/v2\/categories?post=14153"},{"taxonomy":"post_tag","embeddable":true,"href":"https:\/\/sigmund-freud-institut.de\/index.php\/wp-json\/wp\/v2\/tags?post=14153"}],"curies":[{"name":"wp","href":"https:\/\/api.w.org\/{rel}","templated":true}]}}