{"id":14750,"date":"2025-05-16T13:03:02","date_gmt":"2025-05-16T11:03:02","guid":{"rendered":"https:\/\/sigmund-freud-institut.de\/?p=14750"},"modified":"2025-11-25T11:15:46","modified_gmt":"2025-11-25T10:15:46","slug":"vortrag-von-dr-des-ina-kulic-und-m-a-soz-m-sc-psych-dennis-schaefer-am-26-mai-2025-um-1800-uhr-im-sigmund-freud-institut","status":"publish","type":"post","link":"https:\/\/sigmund-freud-institut.de\/index.php\/2025\/05\/16\/vortrag-von-dr-des-ina-kulic-und-m-a-soz-m-sc-psych-dennis-schaefer-am-26-mai-2025-um-1800-uhr-im-sigmund-freud-institut\/","title":{"rendered":"Vortrag von Dr. des. Ina Kuli\u0107 und M.A. Soz. M.Sc. Psych. Dennis Sch\u00e4fer am 26. Juni 2025 um 18:00 Uhr im Sigmund-Freud-Institut (SFI)"},"content":{"rendered":"\n<p><strong>&nbsp;<a href=\"https:\/\/sigmund-freud-institut.de\/wp-content\/uploads\/FoeGe-Einladung_Vortrag-UeWA_26.06.25.pdf\" target=\"_blank\" rel=\"noreferrer noopener\">\u201e<em>Man f\u00fchlt sich immer so\u2019n bisschen zerrissen<\/em>\u201c &#8211; Aufwachsen unter Fluchtbedingungen<\/a><\/strong><\/p>\n\n\n\n<p>Moderation: Prof. Dr. Patrick Meurs<br>Einleitung: Angelika Wilcke, Vorsitzende der F\u00f6rdergesellschaft<br>Veranstalter: F\u00f6rdergesellschaft des Sigmund-Freud-Instituts<br>Projekt: <a href=\"https:\/\/sigmund-freud-institut.de\/wp-content\/uploads\/UeWA_Projektbeschreibung_11.2024.pdf\" target=\"_blank\" rel=\"noreferrer noopener\">\u00dcbergangsr\u00e4ume des Weiter(an)kommens (\u00dcWA)<\/a><\/p>\n\n\n\n<p>Bitte melden Sie sich bis zum 24. Juni 2025 unter <a href=\"mailto:Foege@sfi.eu\">Foege@sfi.eu<\/a> an. Die Teilnahme ist nur mit einer Anmeldebest\u00e4tigung m\u00f6glich.<\/p>\n\n\n\n<p><\/p>\n","protected":false},"excerpt":{"rendered":"<p>&nbsp;\u201eMan f\u00fchlt sich immer so\u2019n bisschen zerrissen\u201c &#8211; Aufwachsen unter Fluchtbedingungen Moderation: Prof. Dr. Patrick MeursEinleitung: Angelika Wilcke, Vorsitzende der F\u00f6rdergesellschaftVeranstalter: F\u00f6rdergesellschaft des Sigmund-Freud-InstitutsProjekt: \u00dcbergangsr\u00e4ume des Weiter(an)kommens (\u00dcWA) Bitte melden Sie sich bis zum 24. Juni 2025 unter Foege@sfi.eu an. Die Teilnahme ist nur mit einer Anmeldebest\u00e4tigung m\u00f6glich.<\/p>\n","protected":false},"author":2,"featured_media":0,"comment_status":"closed","ping_status":"closed","sticky":false,"template":"","format":"standard","meta":{"footnotes":"","_wpscppro_dont_share_socialmedia":false,"_wpscppro_custom_social_share_image":0,"_facebook_share_type":"default","_twitter_share_type":"default","_linkedin_share_type":"default","_pinterest_share_type":"default","_linkedin_share_type_page":"default","_instagram_share_type":"default","_medium_share_type":"default","_threads_share_type":"default","_google_business_share_type":"default","_selected_social_profile":[],"_wpsp_enable_custom_social_template":false,"_wpsp_social_scheduling":{"enabled":false,"datetime":null,"platforms":[],"status":"template_only","dateOption":"today","timeOption":"now","customDays":"","customHours":"","customDate":"","customTime":"","schedulingType":"absolute"},"_wpsp_active_default_template":true},"categories":[1],"tags":[],"class_list":["post-14750","post","type-post","status-publish","format-standard","hentry","category-uncategorized"],"_links":{"self":[{"href":"https:\/\/sigmund-freud-institut.de\/index.php\/wp-json\/wp\/v2\/posts\/14750","targetHints":{"allow":["GET"]}}],"collection":[{"href":"https:\/\/sigmund-freud-institut.de\/index.php\/wp-json\/wp\/v2\/posts"}],"about":[{"href":"https:\/\/sigmund-freud-institut.de\/index.php\/wp-json\/wp\/v2\/types\/post"}],"author":[{"embeddable":true,"href":"https:\/\/sigmund-freud-institut.de\/index.php\/wp-json\/wp\/v2\/users\/2"}],"replies":[{"embeddable":true,"href":"https:\/\/sigmund-freud-institut.de\/index.php\/wp-json\/wp\/v2\/comments?post=14750"}],"version-history":[{"count":4,"href":"https:\/\/sigmund-freud-institut.de\/index.php\/wp-json\/wp\/v2\/posts\/14750\/revisions"}],"predecessor-version":[{"id":15530,"href":"https:\/\/sigmund-freud-institut.de\/index.php\/wp-json\/wp\/v2\/posts\/14750\/revisions\/15530"}],"wp:attachment":[{"href":"https:\/\/sigmund-freud-institut.de\/index.php\/wp-json\/wp\/v2\/media?parent=14750"}],"wp:term":[{"taxonomy":"category","embeddable":true,"href":"https:\/\/sigmund-freud-institut.de\/index.php\/wp-json\/wp\/v2\/categories?post=14750"},{"taxonomy":"post_tag","embeddable":true,"href":"https:\/\/sigmund-freud-institut.de\/index.php\/wp-json\/wp\/v2\/tags?post=14750"}],"curies":[{"name":"wp","href":"https:\/\/api.w.org\/{rel}","templated":true}]}}