{"id":14762,"date":"2025-05-27T15:40:42","date_gmt":"2025-05-27T13:40:42","guid":{"rendered":"https:\/\/sigmund-freud-institut.de\/?p=14762"},"modified":"2025-11-25T11:14:50","modified_gmt":"2025-11-25T10:14:50","slug":"seminar-reflexionsraum-am-26-juni-2025","status":"publish","type":"post","link":"https:\/\/sigmund-freud-institut.de\/index.php\/2025\/05\/27\/seminar-reflexionsraum-am-26-juni-2025\/","title":{"rendered":"Erfahrungsaustausch am 26. Juni 2025 von 15:00 bis 16:30 Uhr im Sigmund-Freud-Institut (SFI)"},"content":{"rendered":"\n<p><a href=\"https:\/\/sigmund-freud-institut.de\/wp-content\/uploads\/Einladung-zum-Reflexionsraum_26.06.2025.pdf\"><strong>Reflexionsraum der Forschungsgruppe &#8218;\u00dcbergangsr\u00e4ume des Weiter(an)kommens&#8216;<\/strong> <strong>(\u00dcWA)<\/strong><\/a><\/p>\n\n\n\n<p>Das <a href=\"https:\/\/sigmund-freud-institut.de\/wp-content\/uploads\/UeWA_Projektbeschreibung_11.2024.pdf\" target=\"_blank\" rel=\"noreferrer noopener\">Forschungsprojekt<\/a> bieten allen Mitarbeitenden in der Gefl\u00fcchtetenhilfe und Interessierten die M\u00f6glichkeit, sich \u00fcber ihre Erfahrungen aus der Arbeit mit Gefl\u00fcchteten auszutauschen.<\/p>\n\n\n\n<p>Bitte melden Sie sich bis zum 20. Juni 2025 bei <a href=\"mailto:marburger@sigmund-freud-institut.de\" target=\"_blank\" rel=\"noreferrer noopener\">Frau Marburger<\/a> an. Die Teilnahme ist kostenfrei und auf 15 Personen begrenzt.<\/p>\n\n\n\n<p>Save the Date: Ein weiterer Reflexionsraum wird am 02.10.2025 angeboten.<\/p>\n","protected":false},"excerpt":{"rendered":"<p>Reflexionsraum der Forschungsgruppe &#8218;\u00dcbergangsr\u00e4ume des Weiter(an)kommens&#8216; (\u00dcWA) Das Forschungsprojekt bieten allen Mitarbeitenden in der Gefl\u00fcchtetenhilfe und Interessierten die M\u00f6glichkeit, sich \u00fcber ihre Erfahrungen aus der Arbeit mit Gefl\u00fcchteten auszutauschen. Bitte melden Sie sich bis zum 20. Juni 2025 bei Frau Marburger an. Die Teilnahme ist kostenfrei und auf 15 Personen begrenzt. Save the Date: Ein &hellip; <\/p>\n<p class=\"link-more\"><a href=\"https:\/\/sigmund-freud-institut.de\/index.php\/2025\/05\/27\/seminar-reflexionsraum-am-26-juni-2025\/\" class=\"more-link\"><span class=\"screen-reader-text\">\u201eErfahrungsaustausch am 26. Juni 2025 von 15:00 bis 16:30 Uhr im Sigmund-Freud-Institut (SFI)\u201c<\/span> weiterlesen<\/a><\/p>\n","protected":false},"author":2,"featured_media":0,"comment_status":"closed","ping_status":"closed","sticky":false,"template":"","format":"standard","meta":{"footnotes":"","_wpscppro_dont_share_socialmedia":false,"_wpscppro_custom_social_share_image":0,"_facebook_share_type":"default","_twitter_share_type":"default","_linkedin_share_type":"default","_pinterest_share_type":"default","_linkedin_share_type_page":"default","_instagram_share_type":"default","_medium_share_type":"default","_threads_share_type":"default","_google_business_share_type":"default","_selected_social_profile":[],"_wpsp_enable_custom_social_template":false,"_wpsp_social_scheduling":{"enabled":false,"datetime":null,"platforms":[],"status":"template_only","dateOption":"today","timeOption":"now","customDays":"","customHours":"","customDate":"","customTime":"","schedulingType":"absolute"},"_wpsp_active_default_template":true},"categories":[1],"tags":[],"class_list":["post-14762","post","type-post","status-publish","format-standard","hentry","category-uncategorized"],"_links":{"self":[{"href":"https:\/\/sigmund-freud-institut.de\/index.php\/wp-json\/wp\/v2\/posts\/14762","targetHints":{"allow":["GET"]}}],"collection":[{"href":"https:\/\/sigmund-freud-institut.de\/index.php\/wp-json\/wp\/v2\/posts"}],"about":[{"href":"https:\/\/sigmund-freud-institut.de\/index.php\/wp-json\/wp\/v2\/types\/post"}],"author":[{"embeddable":true,"href":"https:\/\/sigmund-freud-institut.de\/index.php\/wp-json\/wp\/v2\/users\/2"}],"replies":[{"embeddable":true,"href":"https:\/\/sigmund-freud-institut.de\/index.php\/wp-json\/wp\/v2\/comments?post=14762"}],"version-history":[{"count":5,"href":"https:\/\/sigmund-freud-institut.de\/index.php\/wp-json\/wp\/v2\/posts\/14762\/revisions"}],"predecessor-version":[{"id":14792,"href":"https:\/\/sigmund-freud-institut.de\/index.php\/wp-json\/wp\/v2\/posts\/14762\/revisions\/14792"}],"wp:attachment":[{"href":"https:\/\/sigmund-freud-institut.de\/index.php\/wp-json\/wp\/v2\/media?parent=14762"}],"wp:term":[{"taxonomy":"category","embeddable":true,"href":"https:\/\/sigmund-freud-institut.de\/index.php\/wp-json\/wp\/v2\/categories?post=14762"},{"taxonomy":"post_tag","embeddable":true,"href":"https:\/\/sigmund-freud-institut.de\/index.php\/wp-json\/wp\/v2\/tags?post=14762"}],"curies":[{"name":"wp","href":"https:\/\/api.w.org\/{rel}","templated":true}]}}