{"id":15054,"date":"2025-08-28T15:07:58","date_gmt":"2025-08-28T13:07:58","guid":{"rendered":"https:\/\/sigmund-freud-institut.de\/?p=15054"},"modified":"2025-11-25T11:12:21","modified_gmt":"2025-11-25T10:12:21","slug":"fachtagung-am-13-und-14-november-2025-im-sigmund-freud-institut","status":"publish","type":"post","link":"https:\/\/sigmund-freud-institut.de\/index.php\/2025\/08\/28\/fachtagung-am-13-und-14-november-2025-im-sigmund-freud-institut\/","title":{"rendered":"Fachtagung am 13. und 14. November 2025 im Sigmund-Freud-Institut"},"content":{"rendered":"\n<p><a href=\"https:\/\/sigmund-freud-institut.de\/wp-content\/uploads\/Flyer-Fachtagung_13.-14.11.25_WEB.pdf\"><strong>Zehn Jahre seit dem \u00bbSommer der Flucht\u00ab \u2013 R\u00fcckblicke, Ausblicke, Blickwinkel<\/strong> &#8211; <strong>6. Fachtagung des Sigmund-Freud-Instituts f\u00fcr Haupt- und Ehrenamtliche in der Arbeit mit gefl\u00fcchteten Menschen<\/strong><\/a><\/p>\n\n\n\n<p>Veranstaltet vom Veranstaltungsteam Fluchtforschung und Gefl\u00fcchtetenarbeit des Sigmund-Freud-Instituts (SFI)<\/p>\n\n\n\n<p>Die Veranstaltung wurde mit 8 Punkten durch die Psychotherapeutenkammer Hessen akkreditiert.<\/p>\n\n\n\n<p>Bitte melden Sie sich bis zum 10.11.2025 unter folgendem Link an: <a href=\"https:\/\/sigmund-freud-institut.de\/index.php\/anmeldeformular\/\" target=\"_blank\" rel=\"noreferrer noopener\">Veranstaltungsanmeldung<\/a><\/p>\n\n\n\n<p><\/p>\n","protected":false},"excerpt":{"rendered":"<p>Zehn Jahre seit dem \u00bbSommer der Flucht\u00ab \u2013 R\u00fcckblicke, Ausblicke, Blickwinkel &#8211; 6. Fachtagung des Sigmund-Freud-Instituts f\u00fcr Haupt- und Ehrenamtliche in der Arbeit mit gefl\u00fcchteten Menschen Veranstaltet vom Veranstaltungsteam Fluchtforschung und Gefl\u00fcchtetenarbeit des Sigmund-Freud-Instituts (SFI) Die Veranstaltung wurde mit 8 Punkten durch die Psychotherapeutenkammer Hessen akkreditiert. Bitte melden Sie sich bis zum 10.11.2025 unter folgendem &hellip; <\/p>\n<p class=\"link-more\"><a href=\"https:\/\/sigmund-freud-institut.de\/index.php\/2025\/08\/28\/fachtagung-am-13-und-14-november-2025-im-sigmund-freud-institut\/\" class=\"more-link\"><span class=\"screen-reader-text\">\u201eFachtagung am 13. und 14. November 2025 im Sigmund-Freud-Institut\u201c<\/span> weiterlesen<\/a><\/p>\n","protected":false},"author":2,"featured_media":0,"comment_status":"closed","ping_status":"closed","sticky":false,"template":"","format":"standard","meta":{"footnotes":"","_wpscppro_dont_share_socialmedia":false,"_wpscppro_custom_social_share_image":0,"_facebook_share_type":"default","_twitter_share_type":"default","_linkedin_share_type":"default","_pinterest_share_type":"default","_linkedin_share_type_page":"default","_instagram_share_type":"default","_medium_share_type":"default","_threads_share_type":"default","_google_business_share_type":"default","_selected_social_profile":[],"_wpsp_enable_custom_social_template":false,"_wpsp_social_scheduling":{"enabled":false,"datetime":null,"platforms":[],"status":"template_only","dateOption":"today","timeOption":"now","customDays":"","customHours":"","customDate":"","customTime":"","schedulingType":"absolute"},"_wpsp_active_default_template":true},"categories":[1],"tags":[],"class_list":["post-15054","post","type-post","status-publish","format-standard","hentry","category-uncategorized"],"_links":{"self":[{"href":"https:\/\/sigmund-freud-institut.de\/index.php\/wp-json\/wp\/v2\/posts\/15054","targetHints":{"allow":["GET"]}}],"collection":[{"href":"https:\/\/sigmund-freud-institut.de\/index.php\/wp-json\/wp\/v2\/posts"}],"about":[{"href":"https:\/\/sigmund-freud-institut.de\/index.php\/wp-json\/wp\/v2\/types\/post"}],"author":[{"embeddable":true,"href":"https:\/\/sigmund-freud-institut.de\/index.php\/wp-json\/wp\/v2\/users\/2"}],"replies":[{"embeddable":true,"href":"https:\/\/sigmund-freud-institut.de\/index.php\/wp-json\/wp\/v2\/comments?post=15054"}],"version-history":[{"count":8,"href":"https:\/\/sigmund-freud-institut.de\/index.php\/wp-json\/wp\/v2\/posts\/15054\/revisions"}],"predecessor-version":[{"id":15426,"href":"https:\/\/sigmund-freud-institut.de\/index.php\/wp-json\/wp\/v2\/posts\/15054\/revisions\/15426"}],"wp:attachment":[{"href":"https:\/\/sigmund-freud-institut.de\/index.php\/wp-json\/wp\/v2\/media?parent=15054"}],"wp:term":[{"taxonomy":"category","embeddable":true,"href":"https:\/\/sigmund-freud-institut.de\/index.php\/wp-json\/wp\/v2\/categories?post=15054"},{"taxonomy":"post_tag","embeddable":true,"href":"https:\/\/sigmund-freud-institut.de\/index.php\/wp-json\/wp\/v2\/tags?post=15054"}],"curies":[{"name":"wp","href":"https:\/\/api.w.org\/{rel}","templated":true}]}}