{"id":1795,"date":"2018-11-27T10:28:27","date_gmt":"2018-11-27T08:28:27","guid":{"rendered":"http:\/\/www.sigmund-freud-institut.de\/?p=1795"},"modified":"2018-12-07T16:28:01","modified_gmt":"2018-12-07T14:28:01","slug":"6-dezember-2018-einladung-zum-oeffentlichen-wissenschaftlichen-austausch","status":"publish","type":"post","link":"https:\/\/sigmund-freud-institut.de\/index.php\/2018\/11\/27\/6-dezember-2018-einladung-zum-oeffentlichen-wissenschaftlichen-austausch\/","title":{"rendered":"6. Dezember 2018 11.30 Uhr Einladung zum \u00f6ffentlichen wissenschaftlichen Austausch"},"content":{"rendered":"<h2>&#8222;Migration und Adoleszenz als doppelte Herausforderung &#8211; \u00dcberlegungen zur Psychodynamik und klinische Beispiele&#8220;<\/h2>\n<p><strong>Vortragene:<\/strong><br \/>\nDr. med. Anja Kidess, Fach\u00e4rztin f\u00fcr Psychosomatische Medizin und Psychotherapie, Psychoanalyse, Fach\u00e4rztin f\u00fcr Kinder- und Jugendpsychiatrie (DPV\/IPV), Robert-Bosch-Krankenhaus, Stuttgart<\/p>\n<p>\u00d6ffentlicher Vortrag am Donnerstag, 6. Dezember 2018 um 11.30 Uhr im H\u00f6rsaal, 1. OG des Sigmund-Freud-Instituts in Frankfurt\/Main.<\/p>\n<p>&nbsp;<\/p>\n","protected":false},"excerpt":{"rendered":"<p>&#8222;Migration und Adoleszenz als doppelte Herausforderung &#8211; \u00dcberlegungen zur Psychodynamik und klinische Beispiele&#8220; Vortragene: Dr. med. Anja Kidess, Fach\u00e4rztin f\u00fcr Psychosomatische Medizin und Psychotherapie, Psychoanalyse, Fach\u00e4rztin f\u00fcr Kinder- und Jugendpsychiatrie (DPV\/IPV), Robert-Bosch-Krankenhaus, Stuttgart \u00d6ffentlicher Vortrag am Donnerstag, 6. Dezember 2018 um 11.30 Uhr im H\u00f6rsaal, 1. OG des Sigmund-Freud-Instituts in Frankfurt\/Main. &nbsp;<\/p>\n","protected":false},"author":2,"featured_media":0,"comment_status":"closed","ping_status":"closed","sticky":false,"template":"","format":"standard","meta":{"footnotes":"","_wpscppro_dont_share_socialmedia":false,"_wpscppro_custom_social_share_image":0,"_facebook_share_type":"","_twitter_share_type":"","_linkedin_share_type":"","_pinterest_share_type":"","_linkedin_share_type_page":"","_instagram_share_type":"","_medium_share_type":"","_threads_share_type":"","_google_business_share_type":"","_selected_social_profile":[],"_wpsp_enable_custom_social_template":false,"_wpsp_social_scheduling":{"enabled":false,"datetime":null,"platforms":[],"status":"template_only","dateOption":"today","timeOption":"now","customDays":"","customHours":"","customDate":"","customTime":"","schedulingType":"absolute"},"_wpsp_active_default_template":true},"categories":[1],"tags":[],"class_list":["post-1795","post","type-post","status-publish","format-standard","hentry","category-uncategorized"],"_links":{"self":[{"href":"https:\/\/sigmund-freud-institut.de\/index.php\/wp-json\/wp\/v2\/posts\/1795","targetHints":{"allow":["GET"]}}],"collection":[{"href":"https:\/\/sigmund-freud-institut.de\/index.php\/wp-json\/wp\/v2\/posts"}],"about":[{"href":"https:\/\/sigmund-freud-institut.de\/index.php\/wp-json\/wp\/v2\/types\/post"}],"author":[{"embeddable":true,"href":"https:\/\/sigmund-freud-institut.de\/index.php\/wp-json\/wp\/v2\/users\/2"}],"replies":[{"embeddable":true,"href":"https:\/\/sigmund-freud-institut.de\/index.php\/wp-json\/wp\/v2\/comments?post=1795"}],"version-history":[{"count":0,"href":"https:\/\/sigmund-freud-institut.de\/index.php\/wp-json\/wp\/v2\/posts\/1795\/revisions"}],"wp:attachment":[{"href":"https:\/\/sigmund-freud-institut.de\/index.php\/wp-json\/wp\/v2\/media?parent=1795"}],"wp:term":[{"taxonomy":"category","embeddable":true,"href":"https:\/\/sigmund-freud-institut.de\/index.php\/wp-json\/wp\/v2\/categories?post=1795"},{"taxonomy":"post_tag","embeddable":true,"href":"https:\/\/sigmund-freud-institut.de\/index.php\/wp-json\/wp\/v2\/tags?post=1795"}],"curies":[{"name":"wp","href":"https:\/\/api.w.org\/{rel}","templated":true}]}}