{"id":3107,"date":"2019-08-01T16:35:51","date_gmt":"2019-08-01T14:35:51","guid":{"rendered":"http:\/\/www.sigmund-freud-institut.de\/?p=3107"},"modified":"2024-05-03T09:36:56","modified_gmt":"2024-05-03T07:36:56","slug":"einladung-zur-ausstellung","status":"publish","type":"post","link":"https:\/\/sigmund-freud-institut.de\/index.php\/2019\/08\/01\/einladung-zur-ausstellung\/","title":{"rendered":"Einladung zur Ausstellung!"},"content":{"rendered":"<p>Hiermit laden wir Sie sehr herzlich ein zu unserer Ausstellung der Werke aus einer Psychoanalytischen Malgruppe f\u00fcr Kinder in einer Hessischen Erstaufnahmeeinrichtung f\u00fcr Gefl\u00fcchtete:<\/p>\n<h2>\u02cfZu(r)Flucht im Bild\u00b4<\/h2>\n<p>Ort: Foyer im 1. Stock des Sigmund-Freud-Instituts; Myliusstra\u00dfe 20, 60323 Frankfurt am Main<\/p>\n<p>Dauer der Ausstellung:<br \/>\n16. \u2013 30. August 2019 -&gt; <strong>verl\u00e4ngert auf den 20. September 2019<\/strong><br \/>\n\u00d6ffnungszeiten: montags bis freitags, 9 \u2013 17 Uhr<\/p>\n<p>Die Einladung finden Sie hier.<\/p>\n<p><em>Anl\u00e4sslich des Fachtags \u02cfMeine Arbeit und Ich \u2013 Ich und meine Arbeit. Reflexion (in) der Arbeit mit Gefl\u00fcchteten\u00b4 des Psychosozialen Verbundes Rhein-Main am Sigmund-Freud-Institut m\u00f6chten wir mit der Ausstellung den Themen der Kinder, die nur allzu oft in den Hintergrund geraten und in ihren Bildern eine Zuflucht fanden, einen w\u00fcrdigen Rahmen verleihen. <\/em><\/p>\n<p>&nbsp;<\/p>\n","protected":false},"excerpt":{"rendered":"<p>Hiermit laden wir Sie sehr herzlich ein zu unserer Ausstellung der Werke aus einer Psychoanalytischen Malgruppe f\u00fcr Kinder in einer Hessischen Erstaufnahmeeinrichtung f\u00fcr Gefl\u00fcchtete: \u02cfZu(r)Flucht im Bild\u00b4 Ort: Foyer im 1. Stock des Sigmund-Freud-Instituts; Myliusstra\u00dfe 20, 60323 Frankfurt am Main Dauer der Ausstellung: 16. \u2013 30. August 2019 -&gt; verl\u00e4ngert auf den 20. September 2019 &hellip; <\/p>\n<p class=\"link-more\"><a href=\"https:\/\/sigmund-freud-institut.de\/index.php\/2019\/08\/01\/einladung-zur-ausstellung\/\" class=\"more-link\"><span class=\"screen-reader-text\">\u201eEinladung zur Ausstellung!\u201c<\/span> weiterlesen<\/a><\/p>\n","protected":false},"author":2,"featured_media":0,"comment_status":"closed","ping_status":"closed","sticky":false,"template":"","format":"standard","meta":{"footnotes":"","_wpscppro_dont_share_socialmedia":false,"_wpscppro_custom_social_share_image":0,"_facebook_share_type":"","_twitter_share_type":"","_linkedin_share_type":"","_pinterest_share_type":"","_linkedin_share_type_page":"","_instagram_share_type":"","_medium_share_type":"","_threads_share_type":"","_google_business_share_type":"","_selected_social_profile":[],"_wpsp_enable_custom_social_template":false,"_wpsp_social_scheduling":{"enabled":false,"datetime":null,"platforms":[],"status":"template_only","dateOption":"today","timeOption":"now","customDays":"","customHours":"","customDate":"","customTime":"","schedulingType":"absolute"},"_wpsp_active_default_template":true},"categories":[1],"tags":[],"class_list":["post-3107","post","type-post","status-publish","format-standard","hentry","category-uncategorized"],"_links":{"self":[{"href":"https:\/\/sigmund-freud-institut.de\/index.php\/wp-json\/wp\/v2\/posts\/3107","targetHints":{"allow":["GET"]}}],"collection":[{"href":"https:\/\/sigmund-freud-institut.de\/index.php\/wp-json\/wp\/v2\/posts"}],"about":[{"href":"https:\/\/sigmund-freud-institut.de\/index.php\/wp-json\/wp\/v2\/types\/post"}],"author":[{"embeddable":true,"href":"https:\/\/sigmund-freud-institut.de\/index.php\/wp-json\/wp\/v2\/users\/2"}],"replies":[{"embeddable":true,"href":"https:\/\/sigmund-freud-institut.de\/index.php\/wp-json\/wp\/v2\/comments?post=3107"}],"version-history":[{"count":1,"href":"https:\/\/sigmund-freud-institut.de\/index.php\/wp-json\/wp\/v2\/posts\/3107\/revisions"}],"predecessor-version":[{"id":13059,"href":"https:\/\/sigmund-freud-institut.de\/index.php\/wp-json\/wp\/v2\/posts\/3107\/revisions\/13059"}],"wp:attachment":[{"href":"https:\/\/sigmund-freud-institut.de\/index.php\/wp-json\/wp\/v2\/media?parent=3107"}],"wp:term":[{"taxonomy":"category","embeddable":true,"href":"https:\/\/sigmund-freud-institut.de\/index.php\/wp-json\/wp\/v2\/categories?post=3107"},{"taxonomy":"post_tag","embeddable":true,"href":"https:\/\/sigmund-freud-institut.de\/index.php\/wp-json\/wp\/v2\/tags?post=3107"}],"curies":[{"name":"wp","href":"https:\/\/api.w.org\/{rel}","templated":true}]}}