{"id":3440,"date":"2019-11-19T13:22:55","date_gmt":"2019-11-19T11:22:55","guid":{"rendered":"http:\/\/www.sigmund-freud-institut.de\/?p=3440"},"modified":"2019-11-26T11:31:55","modified_gmt":"2019-11-26T09:31:55","slug":"gastvortrag-zum-thema","status":"publish","type":"post","link":"https:\/\/sigmund-freud-institut.de\/index.php\/2019\/11\/19\/gastvortrag-zum-thema\/","title":{"rendered":"Gastvortrag zum Thema:"},"content":{"rendered":"<h2><em>\u201eIn dem Alter wei\u00df man gar nicht, was so ein Streit eigentlich ist&#8220; \u2013 <\/em><em>das Eltern- und Familienbild junger Menschen mit Migrationshintergrund <\/em><em>mit psychischen und psychosomatischen Erkrankungen <\/em><\/h2>\n<p><strong>von Alexandra Litinskaya, M.Sc.<\/strong><\/p>\n<p>(Stipendiatin im Promotionskolleg am Sigmund-Freud-Institut zu \u201aPsychosozialen Folgen von Migration und Flucht\u2018, gef\u00f6rdert durch die Hans-B\u00f6ckler-Stiftung, geleitet von Prof. Dr. Vera King, Prof. Dr. Patrick Meurs, Prof. Dr. Heinz Wei\u00df und Prof. Dr. Hans-Christoph Koller. Koordination: Dr. Susanne Benzel)<\/p>\n<p><strong>\u00a0<\/strong><strong> am 25. November 2019 von 12.15.-13.45 Uhr im Seminarpavillon der Goethe-Universit\u00e4t Frankfurt, Raum SP 0.02<\/strong><\/p>\n<p>Der Vortrag findet im Rahmen der Veranstaltung \u201aMigration und Flucht \u2013 generationale Dynamiken und adoleszente Verl\u00e4ufe\u2018 im WiSe 2019\/2020 von Dr. Susanne Benzel statt.<\/p>\n","protected":false},"excerpt":{"rendered":"<p>\u201eIn dem Alter wei\u00df man gar nicht, was so ein Streit eigentlich ist&#8220; \u2013 das Eltern- und Familienbild junger Menschen mit Migrationshintergrund mit psychischen und psychosomatischen Erkrankungen von Alexandra Litinskaya, M.Sc. (Stipendiatin im Promotionskolleg am Sigmund-Freud-Institut zu \u201aPsychosozialen Folgen von Migration und Flucht\u2018, gef\u00f6rdert durch die Hans-B\u00f6ckler-Stiftung, geleitet von Prof. Dr. Vera King, Prof. Dr. &hellip; <\/p>\n<p class=\"link-more\"><a href=\"https:\/\/sigmund-freud-institut.de\/index.php\/2019\/11\/19\/gastvortrag-zum-thema\/\" class=\"more-link\"><span class=\"screen-reader-text\">\u201eGastvortrag zum Thema:\u201c<\/span> weiterlesen<\/a><\/p>\n","protected":false},"author":2,"featured_media":0,"comment_status":"closed","ping_status":"closed","sticky":false,"template":"","format":"standard","meta":{"footnotes":"","_wpscppro_dont_share_socialmedia":false,"_wpscppro_custom_social_share_image":0,"_facebook_share_type":"","_twitter_share_type":"","_linkedin_share_type":"","_pinterest_share_type":"","_linkedin_share_type_page":"","_instagram_share_type":"","_medium_share_type":"","_threads_share_type":"","_google_business_share_type":"","_selected_social_profile":[],"_wpsp_enable_custom_social_template":false,"_wpsp_social_scheduling":{"enabled":false,"datetime":null,"platforms":[],"status":"template_only","dateOption":"today","timeOption":"now","customDays":"","customHours":"","customDate":"","customTime":"","schedulingType":"absolute"},"_wpsp_active_default_template":true},"categories":[1],"tags":[],"class_list":["post-3440","post","type-post","status-publish","format-standard","hentry","category-uncategorized"],"_links":{"self":[{"href":"https:\/\/sigmund-freud-institut.de\/index.php\/wp-json\/wp\/v2\/posts\/3440","targetHints":{"allow":["GET"]}}],"collection":[{"href":"https:\/\/sigmund-freud-institut.de\/index.php\/wp-json\/wp\/v2\/posts"}],"about":[{"href":"https:\/\/sigmund-freud-institut.de\/index.php\/wp-json\/wp\/v2\/types\/post"}],"author":[{"embeddable":true,"href":"https:\/\/sigmund-freud-institut.de\/index.php\/wp-json\/wp\/v2\/users\/2"}],"replies":[{"embeddable":true,"href":"https:\/\/sigmund-freud-institut.de\/index.php\/wp-json\/wp\/v2\/comments?post=3440"}],"version-history":[{"count":0,"href":"https:\/\/sigmund-freud-institut.de\/index.php\/wp-json\/wp\/v2\/posts\/3440\/revisions"}],"wp:attachment":[{"href":"https:\/\/sigmund-freud-institut.de\/index.php\/wp-json\/wp\/v2\/media?parent=3440"}],"wp:term":[{"taxonomy":"category","embeddable":true,"href":"https:\/\/sigmund-freud-institut.de\/index.php\/wp-json\/wp\/v2\/categories?post=3440"},{"taxonomy":"post_tag","embeddable":true,"href":"https:\/\/sigmund-freud-institut.de\/index.php\/wp-json\/wp\/v2\/tags?post=3440"}],"curies":[{"name":"wp","href":"https:\/\/api.w.org\/{rel}","templated":true}]}}