{"id":6529,"date":"2021-05-31T14:20:17","date_gmt":"2021-05-31T12:20:17","guid":{"rendered":"https:\/\/www.sigmund-freud-institut.de\/?p=6529"},"modified":"2021-06-25T08:06:02","modified_gmt":"2021-06-25T06:06:02","slug":"herausforderungen-einer-psychoanalytischen-ambulanz-in-pandemischen-zeiten","status":"publish","type":"post","link":"https:\/\/sigmund-freud-institut.de\/index.php\/2021\/05\/31\/herausforderungen-einer-psychoanalytischen-ambulanz-in-pandemischen-zeiten\/","title":{"rendered":"Herausforderungen einer psychoanalytischen Ambulanz in pandemischen Zeiten"},"content":{"rendered":"\n<h3 class=\"wp-block-heading\">Online-Vortrag der F\u00f6rdergesellschaft <\/h3>\n\n\n\n<p><strong>am Donnerstag, 24. Juni 2021 um 18 Uhr<\/strong><\/p>\n\n\n\n<p>Vortragende:<br><strong>MSc. Psych. Annabelle Starck, MSc. Psych. Leila Zoe Tichy und MSc. Psych. Gesche Janzarik<\/strong><\/p>\n\n\n\n<p>Moderation: Prof. Dr. Heinz Wei\u00df<strong><br><\/strong>Einleitung: Angelika Wilcke (Vorsitzende des F\u00f6rdervereins)<\/p>\n\n\n\n<p>Die F\u00f6rdergesellschaft des Sigmund-Freud-Instituts l\u00e4dt zum ersten Vortrag in diesem Jahr ein. Die Veranstaltung findet online \u00fcber Zoom statt. Bitte melden Sie sich bis sp\u00e4testens 20. Juni 2021 unter <a href=\"mailto:Foege@sfi.eu\">Foege@sfi.eu<\/a> an.<\/p>\n","protected":false},"excerpt":{"rendered":"<p>Online-Vortrag der F\u00f6rdergesellschaft am Donnerstag, 24. Juni 2021 um 18 Uhr Vortragende:MSc. Psych. Annabelle Starck, MSc. Psych. Leila Zoe Tichy und MSc. Psych. Gesche Janzarik Moderation: Prof. Dr. Heinz Wei\u00dfEinleitung: Angelika Wilcke (Vorsitzende des F\u00f6rdervereins) Die F\u00f6rdergesellschaft des Sigmund-Freud-Instituts l\u00e4dt zum ersten Vortrag in diesem Jahr ein. Die Veranstaltung findet online \u00fcber Zoom statt. Bitte &hellip; <\/p>\n<p class=\"link-more\"><a href=\"https:\/\/sigmund-freud-institut.de\/index.php\/2021\/05\/31\/herausforderungen-einer-psychoanalytischen-ambulanz-in-pandemischen-zeiten\/\" class=\"more-link\"><span class=\"screen-reader-text\">\u201eHerausforderungen einer psychoanalytischen Ambulanz in pandemischen Zeiten\u201c<\/span> weiterlesen<\/a><\/p>\n","protected":false},"author":2,"featured_media":0,"comment_status":"closed","ping_status":"closed","sticky":false,"template":"","format":"standard","meta":{"footnotes":"","_wpscppro_dont_share_socialmedia":false,"_wpscppro_custom_social_share_image":0,"_facebook_share_type":"","_twitter_share_type":"","_linkedin_share_type":"","_pinterest_share_type":"","_linkedin_share_type_page":"","_instagram_share_type":"","_medium_share_type":"","_threads_share_type":"","_google_business_share_type":"","_selected_social_profile":[],"_wpsp_enable_custom_social_template":false,"_wpsp_social_scheduling":{"enabled":false,"datetime":null,"platforms":[],"status":"template_only","dateOption":"today","timeOption":"now","customDays":"","customHours":"","customDate":"","customTime":"","schedulingType":"absolute"},"_wpsp_active_default_template":true},"categories":[1],"tags":[],"class_list":["post-6529","post","type-post","status-publish","format-standard","hentry","category-uncategorized"],"_links":{"self":[{"href":"https:\/\/sigmund-freud-institut.de\/index.php\/wp-json\/wp\/v2\/posts\/6529","targetHints":{"allow":["GET"]}}],"collection":[{"href":"https:\/\/sigmund-freud-institut.de\/index.php\/wp-json\/wp\/v2\/posts"}],"about":[{"href":"https:\/\/sigmund-freud-institut.de\/index.php\/wp-json\/wp\/v2\/types\/post"}],"author":[{"embeddable":true,"href":"https:\/\/sigmund-freud-institut.de\/index.php\/wp-json\/wp\/v2\/users\/2"}],"replies":[{"embeddable":true,"href":"https:\/\/sigmund-freud-institut.de\/index.php\/wp-json\/wp\/v2\/comments?post=6529"}],"version-history":[{"count":0,"href":"https:\/\/sigmund-freud-institut.de\/index.php\/wp-json\/wp\/v2\/posts\/6529\/revisions"}],"wp:attachment":[{"href":"https:\/\/sigmund-freud-institut.de\/index.php\/wp-json\/wp\/v2\/media?parent=6529"}],"wp:term":[{"taxonomy":"category","embeddable":true,"href":"https:\/\/sigmund-freud-institut.de\/index.php\/wp-json\/wp\/v2\/categories?post=6529"},{"taxonomy":"post_tag","embeddable":true,"href":"https:\/\/sigmund-freud-institut.de\/index.php\/wp-json\/wp\/v2\/tags?post=6529"}],"curies":[{"name":"wp","href":"https:\/\/api.w.org\/{rel}","templated":true}]}}