{"id":9258,"date":"2022-08-26T10:38:33","date_gmt":"2022-08-26T08:38:33","guid":{"rendered":"https:\/\/www.sigmund-freud-institut.de\/?p=9258"},"modified":"2023-04-25T13:55:35","modified_gmt":"2023-04-25T11:55:35","slug":"konferenz-des-instituts-fuer-sozialforschung-ifs-und-des-sigmund-freud-instituts-sfi-frankfurt-m-am-21-und-22-april-2023","status":"publish","type":"post","link":"https:\/\/sigmund-freud-institut.de\/index.php\/2022\/08\/26\/konferenz-des-instituts-fuer-sozialforschung-ifs-und-des-sigmund-freud-instituts-sfi-frankfurt-m-am-21-und-22-april-2023\/","title":{"rendered":"Konferenz des Sigmund-Freud-Instituts (SFI) und des Instituts f\u00fcr Sozialforschung (IfS) am 21. und 22. April 2023 in Frankfurt\/M."},"content":{"rendered":"\n<p><strong><a href=\"https:\/\/www.sigmund-freud-institut.de\/wp-content\/uploads\/Tagung_Ringen-um-Zugehoerigkeit_SFI_IfS_flyer-digital_final.pdf\" target=\"_blank\" rel=\"noreferrer noopener\">Das Ringen um Zugeh\u00f6rigkeit \u2013 Soziale und psychische Dynamiken in der Migrationsgesellschaft<\/a><\/strong><\/p>\n\n\n\n<p>Veranstaltet von den SFI- und IfS-Promotionskollegs<\/p>\n\n\n\n<p>Gef\u00f6rdert von der Hans-B\u00f6ckler-Stiftung<\/p>\n\n\n\n<p>Bitte melden Sie sich bis zum 5. April 2023 unter folgendem Link an: <a rel=\"noreferrer noopener\" href=\"https:\/\/www.sigmund-freud-institut.de\/index.php\/anmeldeformular\/\" target=\"_blank\">Veranstaltungsanmeldung<\/a>. Beachten Sie, dass die Anmeldung erst nach dem Erhalt einer Anmeldebest\u00e4tigung g\u00fcltig wird.<\/p>\n\n\n\n<p>Der vollst\u00e4ndige Besuch der Veranstaltung wird von der Psychotherapeutenkammer Hessen mit 15 Fortbildungseinheiten anerkannt.<\/p>\n","protected":false},"excerpt":{"rendered":"<p>Das Ringen um Zugeh\u00f6rigkeit \u2013 Soziale und psychische Dynamiken in der Migrationsgesellschaft Veranstaltet von den SFI- und IfS-Promotionskollegs Gef\u00f6rdert von der Hans-B\u00f6ckler-Stiftung Bitte melden Sie sich bis zum 5. April 2023 unter folgendem Link an: Veranstaltungsanmeldung. Beachten Sie, dass die Anmeldung erst nach dem Erhalt einer Anmeldebest\u00e4tigung g\u00fcltig wird. Der vollst\u00e4ndige Besuch der Veranstaltung wird &hellip; <\/p>\n<p class=\"link-more\"><a href=\"https:\/\/sigmund-freud-institut.de\/index.php\/2022\/08\/26\/konferenz-des-instituts-fuer-sozialforschung-ifs-und-des-sigmund-freud-instituts-sfi-frankfurt-m-am-21-und-22-april-2023\/\" class=\"more-link\"><span class=\"screen-reader-text\">\u201eKonferenz des Sigmund-Freud-Instituts (SFI) und des Instituts f\u00fcr Sozialforschung (IfS) am 21. und 22. April 2023 in Frankfurt\/M.\u201c<\/span> weiterlesen<\/a><\/p>\n","protected":false},"author":9,"featured_media":0,"comment_status":"closed","ping_status":"closed","sticky":false,"template":"","format":"standard","meta":{"footnotes":"","_wpscppro_dont_share_socialmedia":false,"_wpscppro_custom_social_share_image":0,"_facebook_share_type":"","_twitter_share_type":"","_linkedin_share_type":"","_pinterest_share_type":"","_linkedin_share_type_page":"","_instagram_share_type":"","_medium_share_type":"","_threads_share_type":"","_google_business_share_type":"","_selected_social_profile":[],"_wpsp_enable_custom_social_template":false,"_wpsp_social_scheduling":{"enabled":false,"datetime":null,"platforms":[],"status":"template_only","dateOption":"today","timeOption":"now","customDays":"","customHours":"","customDate":"","customTime":"","schedulingType":"absolute"},"_wpsp_active_default_template":true},"categories":[1],"tags":[8,21,27],"class_list":["post-9258","post","type-post","status-publish","format-standard","hentry","category-uncategorized","tag-king","tag-meurs","tag-weiss"],"_links":{"self":[{"href":"https:\/\/sigmund-freud-institut.de\/index.php\/wp-json\/wp\/v2\/posts\/9258","targetHints":{"allow":["GET"]}}],"collection":[{"href":"https:\/\/sigmund-freud-institut.de\/index.php\/wp-json\/wp\/v2\/posts"}],"about":[{"href":"https:\/\/sigmund-freud-institut.de\/index.php\/wp-json\/wp\/v2\/types\/post"}],"author":[{"embeddable":true,"href":"https:\/\/sigmund-freud-institut.de\/index.php\/wp-json\/wp\/v2\/users\/9"}],"replies":[{"embeddable":true,"href":"https:\/\/sigmund-freud-institut.de\/index.php\/wp-json\/wp\/v2\/comments?post=9258"}],"version-history":[{"count":0,"href":"https:\/\/sigmund-freud-institut.de\/index.php\/wp-json\/wp\/v2\/posts\/9258\/revisions"}],"wp:attachment":[{"href":"https:\/\/sigmund-freud-institut.de\/index.php\/wp-json\/wp\/v2\/media?parent=9258"}],"wp:term":[{"taxonomy":"category","embeddable":true,"href":"https:\/\/sigmund-freud-institut.de\/index.php\/wp-json\/wp\/v2\/categories?post=9258"},{"taxonomy":"post_tag","embeddable":true,"href":"https:\/\/sigmund-freud-institut.de\/index.php\/wp-json\/wp\/v2\/tags?post=9258"}],"curies":[{"name":"wp","href":"https:\/\/api.w.org\/{rel}","templated":true}]}}