{"id":9701,"date":"2022-12-05T16:23:23","date_gmt":"2022-12-05T14:23:23","guid":{"rendered":"https:\/\/www.sigmund-freud-institut.de\/?p=9701"},"modified":"2023-03-01T12:19:11","modified_gmt":"2023-03-01T10:19:11","slug":"vortrag-von-prof-dr-lars-rensmann-am-26-januar-2023-im-sigmund-freud-institut-sfi-in-frankfurt-m","status":"publish","type":"post","link":"https:\/\/sigmund-freud-institut.de\/index.php\/2022\/12\/05\/vortrag-von-prof-dr-lars-rensmann-am-26-januar-2023-im-sigmund-freud-institut-sfi-in-frankfurt-m\/","title":{"rendered":"Vortrag von Prof. Dr. Lars Rensmann am 26. Januar 2023 im Sigmund-Freud-Institut in Frankfurt\/M."},"content":{"rendered":"\n<p><strong>Die Mobilisierung des Ressentiments. Zur Analyse des Antisemitismus in rechten Parteien und Bewegungen<\/strong><\/p>\n\n\n\n<p>Veranstaltet vom interdisziplin\u00e4ren Forschungsverbund <a href=\"https:\/\/www.antisemitismuserfahrung.com\/\" target=\"_blank\" rel=\"noreferrer noopener\">Antisemitismuserfahrung in der Dritten Generation<\/a> (AE3G) des Sigmund-Freud-Instituts (SFI), der Technischen Universit\u00e4t Berlin und der Katholischen Hochschule Nordrhein-Westfalen<\/p>\n\n\n\n<p>Gef\u00f6rdert vom Bundesministerium f\u00fcr Bildung und Forschung<\/p>\n","protected":false},"excerpt":{"rendered":"<p>Die Mobilisierung des Ressentiments. Zur Analyse des Antisemitismus in rechten Parteien und Bewegungen Veranstaltet vom interdisziplin\u00e4ren Forschungsverbund Antisemitismuserfahrung in der Dritten Generation (AE3G) des Sigmund-Freud-Instituts (SFI), der Technischen Universit\u00e4t Berlin und der Katholischen Hochschule Nordrhein-Westfalen Gef\u00f6rdert vom Bundesministerium f\u00fcr Bildung und Forschung<\/p>\n","protected":false},"author":9,"featured_media":0,"comment_status":"closed","ping_status":"closed","sticky":false,"template":"","format":"standard","meta":{"footnotes":"","_wpscppro_dont_share_socialmedia":false,"_wpscppro_custom_social_share_image":0,"_facebook_share_type":"","_twitter_share_type":"","_linkedin_share_type":"","_pinterest_share_type":"","_linkedin_share_type_page":"","_instagram_share_type":"","_medium_share_type":"","_threads_share_type":"","_google_business_share_type":"","_selected_social_profile":[],"_wpsp_enable_custom_social_template":false,"_wpsp_social_scheduling":{"enabled":false,"datetime":null,"platforms":[],"status":"template_only","dateOption":"today","timeOption":"now","customDays":"","customHours":"","customDate":"","customTime":"","schedulingType":"absolute"},"_wpsp_active_default_template":true},"categories":[1],"tags":[],"class_list":["post-9701","post","type-post","status-publish","format-standard","hentry","category-uncategorized"],"_links":{"self":[{"href":"https:\/\/sigmund-freud-institut.de\/index.php\/wp-json\/wp\/v2\/posts\/9701","targetHints":{"allow":["GET"]}}],"collection":[{"href":"https:\/\/sigmund-freud-institut.de\/index.php\/wp-json\/wp\/v2\/posts"}],"about":[{"href":"https:\/\/sigmund-freud-institut.de\/index.php\/wp-json\/wp\/v2\/types\/post"}],"author":[{"embeddable":true,"href":"https:\/\/sigmund-freud-institut.de\/index.php\/wp-json\/wp\/v2\/users\/9"}],"replies":[{"embeddable":true,"href":"https:\/\/sigmund-freud-institut.de\/index.php\/wp-json\/wp\/v2\/comments?post=9701"}],"version-history":[{"count":0,"href":"https:\/\/sigmund-freud-institut.de\/index.php\/wp-json\/wp\/v2\/posts\/9701\/revisions"}],"wp:attachment":[{"href":"https:\/\/sigmund-freud-institut.de\/index.php\/wp-json\/wp\/v2\/media?parent=9701"}],"wp:term":[{"taxonomy":"category","embeddable":true,"href":"https:\/\/sigmund-freud-institut.de\/index.php\/wp-json\/wp\/v2\/categories?post=9701"},{"taxonomy":"post_tag","embeddable":true,"href":"https:\/\/sigmund-freud-institut.de\/index.php\/wp-json\/wp\/v2\/tags?post=9701"}],"curies":[{"name":"wp","href":"https:\/\/api.w.org\/{rel}","templated":true}]}}