{"id":9726,"date":"2022-12-08T13:12:10","date_gmt":"2022-12-08T11:12:10","guid":{"rendered":"https:\/\/www.sigmund-freud-institut.de\/?p=9726"},"modified":"2023-07-18T11:41:12","modified_gmt":"2023-07-18T09:41:12","slug":"vortrag-von-dr-tilmann-tarach-am-06-juli-2023-im-sigmund-freud-institut-in-frankfurt-m","status":"publish","type":"post","link":"https:\/\/sigmund-freud-institut.de\/index.php\/2022\/12\/08\/vortrag-von-dr-tilmann-tarach-am-06-juli-2023-im-sigmund-freud-institut-in-frankfurt-m\/","title":{"rendered":"Vortrag von Dr. Tilmann Tarach am 13. Juli 2023 um 20:00 Uhr im Sigmund-Freud-Institut in Frankfurt\/M."},"content":{"rendered":"\n<p><strong>Christlicher Antisemitismus. Wie das neutestamentliche Bild von den Juden den modernen Antisemitismus und Antizionismus gepr\u00e4gt hat<\/strong><\/p>\n\n\n\n<p>Veranstaltet vom interdisziplin\u00e4ren Forschungsverbund <a href=\"https:\/\/www.antisemitismuserfahrung.com\/\" target=\"_blank\" rel=\"noreferrer noopener\">Antisemitismuserfahrung in der Dritten Generation<\/a> (AE3G) des Sigmund-Freud-Instituts (SFI), der Technischen Universit\u00e4t Berlin und der Katholischen Hochschule Nordrhein-Westfalen<\/p>\n\n\n\n<p>Gef\u00f6rdert vom Bundesministerium f\u00fcr Bildung und Forschung<\/p>\n\n\n\n<p>Anmeldung:<br>Es handelt sich bei der Veranstaltung um einen Vortrag mit begrenztem Platzangebot. Wir bitten Sie sich bis zum 11.07.2023 um 12 Uhr per Email an <a href=\"mailto:drittegeneration@sigmund-freud-institut.de\">drittegeneration@sigmund-freud-institut.de<\/a> anzumelden. Die Teilnahme an der Veranstaltung ist nur mit einer Teilnahmebest\u00e4tigung m\u00f6glich.<\/p>\n","protected":false},"excerpt":{"rendered":"<p>Christlicher Antisemitismus. Wie das neutestamentliche Bild von den Juden den modernen Antisemitismus und Antizionismus gepr\u00e4gt hat Veranstaltet vom interdisziplin\u00e4ren Forschungsverbund Antisemitismuserfahrung in der Dritten Generation (AE3G) des Sigmund-Freud-Instituts (SFI), der Technischen Universit\u00e4t Berlin und der Katholischen Hochschule Nordrhein-Westfalen Gef\u00f6rdert vom Bundesministerium f\u00fcr Bildung und Forschung Anmeldung:Es handelt sich bei der Veranstaltung um einen Vortrag mit &hellip; <\/p>\n<p class=\"link-more\"><a href=\"https:\/\/sigmund-freud-institut.de\/index.php\/2022\/12\/08\/vortrag-von-dr-tilmann-tarach-am-06-juli-2023-im-sigmund-freud-institut-in-frankfurt-m\/\" class=\"more-link\"><span class=\"screen-reader-text\">\u201eVortrag von Dr. Tilmann Tarach am 13. Juli 2023 um 20:00 Uhr im Sigmund-Freud-Institut in Frankfurt\/M.\u201c<\/span> weiterlesen<\/a><\/p>\n","protected":false},"author":9,"featured_media":0,"comment_status":"closed","ping_status":"closed","sticky":false,"template":"","format":"standard","meta":{"footnotes":"","_wpscppro_dont_share_socialmedia":false,"_wpscppro_custom_social_share_image":0,"_facebook_share_type":"","_twitter_share_type":"","_linkedin_share_type":"","_pinterest_share_type":"","_linkedin_share_type_page":"","_instagram_share_type":"","_medium_share_type":"","_threads_share_type":"","_google_business_share_type":"","_selected_social_profile":[],"_wpsp_enable_custom_social_template":false,"_wpsp_social_scheduling":{"enabled":false,"datetime":null,"platforms":[],"status":"template_only","dateOption":"today","timeOption":"now","customDays":"","customHours":"","customDate":"","customTime":"","schedulingType":"absolute"},"_wpsp_active_default_template":true},"categories":[1],"tags":[],"class_list":["post-9726","post","type-post","status-publish","format-standard","hentry","category-uncategorized"],"_links":{"self":[{"href":"https:\/\/sigmund-freud-institut.de\/index.php\/wp-json\/wp\/v2\/posts\/9726","targetHints":{"allow":["GET"]}}],"collection":[{"href":"https:\/\/sigmund-freud-institut.de\/index.php\/wp-json\/wp\/v2\/posts"}],"about":[{"href":"https:\/\/sigmund-freud-institut.de\/index.php\/wp-json\/wp\/v2\/types\/post"}],"author":[{"embeddable":true,"href":"https:\/\/sigmund-freud-institut.de\/index.php\/wp-json\/wp\/v2\/users\/9"}],"replies":[{"embeddable":true,"href":"https:\/\/sigmund-freud-institut.de\/index.php\/wp-json\/wp\/v2\/comments?post=9726"}],"version-history":[{"count":0,"href":"https:\/\/sigmund-freud-institut.de\/index.php\/wp-json\/wp\/v2\/posts\/9726\/revisions"}],"wp:attachment":[{"href":"https:\/\/sigmund-freud-institut.de\/index.php\/wp-json\/wp\/v2\/media?parent=9726"}],"wp:term":[{"taxonomy":"category","embeddable":true,"href":"https:\/\/sigmund-freud-institut.de\/index.php\/wp-json\/wp\/v2\/categories?post=9726"},{"taxonomy":"post_tag","embeddable":true,"href":"https:\/\/sigmund-freud-institut.de\/index.php\/wp-json\/wp\/v2\/tags?post=9726"}],"curies":[{"name":"wp","href":"https:\/\/api.w.org\/{rel}","templated":true}]}}